{"id":4202,"date":"2023-01-27T14:17:29","date_gmt":"2023-01-27T14:17:29","guid":{"rendered":"https:\/\/cercina.pt\/web\/?p=4202"},"modified":"2023-01-27T14:21:37","modified_gmt":"2023-01-27T14:21:37","slug":"cercina-passa-a-disponibilizar-servico-de-apoio-domiciliario-para-pessoas-com-deficiencia-ou-incapacidade","status":"publish","type":"post","link":"https:\/\/cercina.pt\/web\/cercina-passa-a-disponibilizar-servico-de-apoio-domiciliario-para-pessoas-com-deficiencia-ou-incapacidade\/","title":{"rendered":"CERCINA passa a disponibilizar Servi\u00e7o de Apoio Domicili\u00e1rio para pessoas com defici\u00eancia ou incapacidade"},"content":{"rendered":"<p>Est\u00e1 j\u00e1 em funcionamento o Servi\u00e7o de Apoio Domicili\u00e1rio (SAD) Vida Independente, uma nova resposta social da CERCINA que presta servi\u00e7os de cuidados individuais e personalizados a pessoas e fam\u00edlias que, por motivo de defici\u00eancia, incapacidade ou outro impedimento, n\u00e3o possam realizar autonomamente as tarefas da vida quotidiana.<\/p>\n<p>O SAD disponibilizar\u00e1 servi\u00e7os na \u00e1rea dos cuidados pessoais (fornecimento de refei\u00e7\u00f5es, higiene pessoal, apoio \u00e0 toma de medica\u00e7\u00e3o); cuidado do lar e da roupa de uso pessoal; e servi\u00e7os de apoio psicossocial (motricidade e reabilita\u00e7\u00e3o, atividades ocupacionais e de capacita\u00e7\u00e3o para a vida independente).<\/p>\n<p>Esta nova val\u00eancia est\u00e1 sediada em instala\u00e7\u00f5es localizadas na Quinta Nova (Famalic\u00e3o da Nazar\u00e9).<\/p>\n<p>Mais informa\u00e7\u00f5es poder\u00e3o ser consultadas atrav\u00e9s do link: <a href=\"https:\/\/cercina.pt\/web\/sad\/\">https:\/\/cercina.pt\/web\/sad\/<\/a><\/p>\n","protected":false},"excerpt":{"rendered":"<p>Est\u00e1 j\u00e1 em funcionamento o Servi\u00e7o de Apoio Domicili\u00e1rio (SAD) Vida Independente, uma nova resposta social da CERCINA que presta servi\u00e7os de cuidados individuais e personalizados a pessoas e fam\u00edlias que, por motivo de defici\u00eancia, incapacidade ou outro impedimento, n\u00e3o possam realizar autonomamente as tarefas da vida quotidiana. O SAD disponibilizar\u00e1 servi\u00e7os na \u00e1rea dos [&hellip;]<\/p>\n","protected":false},"author":2,"featured_media":4198,"comment_status":"open","ping_status":"open","sticky":false,"template":"","format":"standard","meta":[],"categories":[114],"tags":[],"_links":{"self":[{"href":"https:\/\/cercina.pt\/web\/wp-json\/wp\/v2\/posts\/4202"}],"collection":[{"href":"https:\/\/cercina.pt\/web\/wp-json\/wp\/v2\/posts"}],"about":[{"href":"https:\/\/cercina.pt\/web\/wp-json\/wp\/v2\/types\/post"}],"author":[{"embeddable":true,"href":"https:\/\/cercina.pt\/web\/wp-json\/wp\/v2\/users\/2"}],"replies":[{"embeddable":true,"href":"https:\/\/cercina.pt\/web\/wp-json\/wp\/v2\/comments?post=4202"}],"version-history":[{"count":3,"href":"https:\/\/cercina.pt\/web\/wp-json\/wp\/v2\/posts\/4202\/revisions"}],"predecessor-version":[{"id":4205,"href":"https:\/\/cercina.pt\/web\/wp-json\/wp\/v2\/posts\/4202\/revisions\/4205"}],"wp:featuredmedia":[{"embeddable":true,"href":"https:\/\/cercina.pt\/web\/wp-json\/wp\/v2\/media\/4198"}],"wp:attachment":[{"href":"https:\/\/cercina.pt\/web\/wp-json\/wp\/v2\/media?parent=4202"}],"wp:term":[{"taxonomy":"category","embeddable":true,"href":"https:\/\/cercina.pt\/web\/wp-json\/wp\/v2\/categories?post=4202"},{"taxonomy":"post_tag","embeddable":true,"href":"https:\/\/cercina.pt\/web\/wp-json\/wp\/v2\/tags?post=4202"}],"curies":[{"name":"wp","href":"https:\/\/api.w.org\/{rel}","templated":true}]}}